{"id":691,"date":"2026-01-04T11:37:03","date_gmt":"2026-01-04T10:37:03","guid":{"rendered":"https:\/\/descubrimiento.info\/?p=691"},"modified":"2026-01-04T11:41:22","modified_gmt":"2026-01-04T10:41:22","slug":"691","status":"publish","type":"post","link":"https:\/\/descubrimiento.info\/?p=691","title":{"rendered":""},"content":{"rendered":"<p>La\u00a0<b>Vega Baja del Segura<\/b>, o la\u00a0<b>Vega Baja<\/b>\u00a0(en\u00a0valenciano, y cooficialmente,\u00a0<i>el Baix Segura<\/i>), <sup id=\"cite_ref-1\" class=\"mw-references reference separada\"><\/sup>es una comarca\u00a0de la\u00a0Comunidad Valenciana,\u00a0Espa\u00f1a. Est\u00e1 situada en el extremo sur de la\u00a0provincia de Alicante, en el l\u00edmite con la\u00a0Regi\u00f3n de Murcia.<\/p>\n<p>Su capital y ciudad m\u00e1s importante hist\u00f3ricamente es Orihuela, ciudad situada en la llanura dentro del municipio m\u00e1s extenso de la comarca y segundo en poblaci\u00f3n, con 84\u00a0560 habitantes (INE 2025). La ciudad de\u00a0Torrevieja, situada en la costa, es la primera en poblaci\u00f3n con 98\u00a0533 habitantes (INE 2015). La comarca la componen 27 municipios repartidos en dos\u00a0partidos judiciales:\u00a0Orihuela\u00a0y\u00a0Torrevieja.<\/p>\n<p>El relieve de la comarca es llano en la vega del curso bajo del\u00a0r\u00edo Segura, cuyo aprovechamiento es agr\u00edcola de regad\u00edo, principalmente huertas, que contrasta con la aridez de la zona monta\u00f1osa donde predominan los\u00a0cultivos de secano. A ambos lados de su desembocadura, la comarca se abre al mar, al litoral de la\u00a0Costa Blanca.<\/p>\n<p>La lengua predominante e hist\u00f3rica en la gran mayor\u00eda de la comarca es el\u00a0castellano\u00a0en su variedad\u00a0murciana. No obstante, cabe destacar que el municipio de\u00a0Guardamar del Segura, como as\u00ed aparece reflejado en la Ley 4\/1983, de 23 de noviembre, de uso y ense\u00f1anza del Valenciano, <sup id=\"cite_ref-2\" class=\"mw-references reference separada\"><\/sup>\u200b su lengua hist\u00f3rica es el\u00a0valenciano. Tambi\u00e9n lo es en la pedan\u00eda oriolana de\u00a0Barbarroja, \u00fanica valencianohablante del municipio.<\/p>\n<p>De la Vega Baja es originario el plato milenario arroz y costra y la gastronom\u00eda de la huerta. En esta comarca destaca su calidad en productos agr\u00edcolas, siendo la industria alimentaria una de las m\u00e1s importantes. Tambi\u00e9n destaca el turismo extranjero en la costa.<\/p>\n<hr \/>\n<table class=\"wikitable sortable col1izq col2der col3der col4der jquery-tablesorter\">\n<thead>\n<tr>\n<th class=\"headerSort\" tabindex=\"0\" title=\"Orden ascendente\" role=\"columnheader button\" scope=\"col\">Municipio<\/th>\n<th class=\"headerSort\" tabindex=\"0\" title=\"Orden ascendente\" role=\"columnheader button\" scope=\"col\" data-sort-type=\"number\">Poblaci\u00f3n (2023)<\/th>\n<th class=\"headerSort\" tabindex=\"0\" title=\"Orden ascendente\" role=\"columnheader button\" scope=\"col\">Superficie<\/th>\n<th class=\"headerSort\" tabindex=\"0\" title=\"Orden ascendente\" role=\"columnheader button\" scope=\"col\">Densidad<\/th>\n<\/tr>\n<\/thead>\n<tbody>\n<tr>\n<td>Torrevieja<\/td>\n<td>89\u00a0290<\/td>\n<td>71,44<\/td>\n<td>1184,81<\/td>\n<\/tr>\n<tr>\n<td>Orihuela<\/td>\n<td>82\u00a0449<\/td>\n<td>384,44<\/td>\n<td>204,21<\/td>\n<\/tr>\n<tr>\n<td>Pilar de la Horadada<\/td>\n<td>23\u00a0428<\/td>\n<td>78,10<\/td>\n<td>286,13<\/td>\n<\/tr>\n<tr>\n<td>Almorad\u00ed<\/td>\n<td>21\u00a0874<\/td>\n<td>42,72<\/td>\n<td>496,44<\/td>\n<\/tr>\n<tr>\n<td>Callosa de Segura<\/td>\n<td>19\u00a0484<\/td>\n<td>24,80<\/td>\n<td>771,25<\/td>\n<\/tr>\n<tr>\n<td>Rojales<\/td>\n<td>17\u00a0451<\/td>\n<td>27,60<\/td>\n<td>604,02<\/td>\n<\/tr>\n<tr>\n<td>Guardamar del Segura<\/td>\n<td>17\u00a0328<\/td>\n<td>35,58<\/td>\n<td>445,45<\/td>\n<\/tr>\n<tr>\n<td>Albatera<\/td>\n<td>13\u00a0092<\/td>\n<td>66,33<\/td>\n<td>188,05<\/td>\n<\/tr>\n<tr>\n<td>San Fulgencio<\/td>\n<td>9443<\/td>\n<td>19,75<\/td>\n<td>408,66<\/td>\n<\/tr>\n<tr>\n<td>Catral<\/td>\n<td>9275<\/td>\n<td>20,01<\/td>\n<td>444,68<\/td>\n<\/tr>\n<tr>\n<td>Redov\u00e1n<\/td>\n<td>8183<\/td>\n<td>9,45<\/td>\n<td>838,73<\/td>\n<\/tr>\n<tr>\n<td>Dolores<\/td>\n<td>7919<\/td>\n<td>18,25<\/td>\n<td>412,66<\/td>\n<\/tr>\n<tr>\n<td>Cox<\/td>\n<td>7513<\/td>\n<td>16,60<\/td>\n<td>444,94<\/td>\n<\/tr>\n<tr>\n<td>Bigastro<\/td>\n<td>7361<\/td>\n<td>4,10<\/td>\n<td>1685,12<\/td>\n<\/tr>\n<tr>\n<td>San Miguel de Salinas<\/td>\n<td>6798<\/td>\n<td>54,90<\/td>\n<td>114,99<\/td>\n<\/tr>\n<tr>\n<td>Benej\u00fazar<\/td>\n<td>5625<\/td>\n<td>9,33<\/td>\n<td>582,52<\/td>\n<\/tr>\n<tr>\n<td>Los Montesinos<\/td>\n<td>5477<\/td>\n<td>15,05<\/td>\n<td>336,28<\/td>\n<\/tr>\n<tr>\n<td>Rafal<\/td>\n<td>4800<\/td>\n<td>1,60<\/td>\n<td>2845,63<\/td>\n<\/tr>\n<tr>\n<td>Formentera del Segura<\/td>\n<td>4618<\/td>\n<td>4,30<\/td>\n<td>992,56<\/td>\n<\/tr>\n<tr>\n<td>Algorfa<\/td>\n<td>3635<\/td>\n<td>18,40<\/td>\n<td>169,83<\/td>\n<\/tr>\n<tr>\n<td>Benij\u00f3far<\/td>\n<td>3473<\/td>\n<td>4,40<\/td>\n<td>748,41<\/td>\n<\/tr>\n<tr>\n<td>Granja de Rocamora<\/td>\n<td>2686<\/td>\n<td>7,20<\/td>\n<td>359,86<\/td>\n<\/tr>\n<tr>\n<td>San Isidro<\/td>\n<td>2208<\/td>\n<td>11,69<\/td>\n<td>179,90<\/td>\n<\/tr>\n<tr>\n<td>Jacarilla<\/td>\n<td>2108<\/td>\n<td>12,20<\/td>\n<td>163,77<\/td>\n<\/tr>\n<tr>\n<td>Benferri<\/td>\n<td>2023<\/td>\n<td>12,40<\/td>\n<td>158,47<\/td>\n<\/tr>\n<tr>\n<td>Daya Nueva<\/td>\n<td>1767<\/td>\n<td>7,09<\/td>\n<td>244,43<\/td>\n<\/tr>\n<tr>\n<td>Daya Vieja<\/td>\n<td>667<\/td>\n<td>2,98<\/td>\n<td>245,30<\/td>\n<\/tr>\n<\/tbody>\n<tfoot>\n<tr>\n<th colspan=\"1\">Total<\/th>\n<th>379\u00a0975<\/th>\n<th>980,71<\/th>\n<th>362,24<\/th>\n<\/tr>\n<\/tfoot>\n<\/table>\n<div class=\"mw-heading mw-heading2\">\n<h2 id=\"Geograf\u00eda\"><\/h2>\n<\/div>\n","protected":false},"excerpt":{"rendered":"<p>La\u00a0Vega Baja del Segura, o la\u00a0Vega Baja\u00a0(en\u00a0valenciano, y cooficialmente,\u00a0el Baix Segura), es una comarca\u00a0de la\u00a0Comunidad Valenciana,\u00a0Espa\u00f1a. Est\u00e1 situada en el extremo sur de la\u00a0provincia de Alicante, en el l\u00edmite con la\u00a0Regi\u00f3n de Murcia. Su capital y ciudad m\u00e1s importante hist\u00f3ricamente es Orihuela, ciudad situada en la llanura dentro del municipio m\u00e1s extenso de la comarca&#8230;<\/p>\n","protected":false},"author":1,"featured_media":693,"comment_status":"closed","ping_status":"closed","sticky":false,"template":"","format":"standard","meta":{"_crdt_document":"","_monsterinsights_skip_tracking":false,"_monsterinsights_sitenote_active":false,"_monsterinsights_sitenote_note":"","_monsterinsights_sitenote_category":0,"footnotes":""},"categories":[1],"tags":[],"class_list":["post-691","post","type-post","status-publish","format-standard","has-post-thumbnail","hentry","category-blog"],"aioseo_notices":[],"_links":{"self":[{"href":"https:\/\/descubrimiento.info\/index.php?rest_route=\/wp\/v2\/posts\/691","targetHints":{"allow":["GET"]}}],"collection":[{"href":"https:\/\/descubrimiento.info\/index.php?rest_route=\/wp\/v2\/posts"}],"about":[{"href":"https:\/\/descubrimiento.info\/index.php?rest_route=\/wp\/v2\/types\/post"}],"author":[{"embeddable":true,"href":"https:\/\/descubrimiento.info\/index.php?rest_route=\/wp\/v2\/users\/1"}],"replies":[{"embeddable":true,"href":"https:\/\/descubrimiento.info\/index.php?rest_route=%2Fwp%2Fv2%2Fcomments&post=691"}],"version-history":[{"count":1,"href":"https:\/\/descubrimiento.info\/index.php?rest_route=\/wp\/v2\/posts\/691\/revisions"}],"predecessor-version":[{"id":692,"href":"https:\/\/descubrimiento.info\/index.php?rest_route=\/wp\/v2\/posts\/691\/revisions\/692"}],"wp:featuredmedia":[{"embeddable":true,"href":"https:\/\/descubrimiento.info\/index.php?rest_route=\/wp\/v2\/media\/693"}],"wp:attachment":[{"href":"https:\/\/descubrimiento.info\/index.php?rest_route=%2Fwp%2Fv2%2Fmedia&parent=691"}],"wp:term":[{"taxonomy":"category","embeddable":true,"href":"https:\/\/descubrimiento.info\/index.php?rest_route=%2Fwp%2Fv2%2Fcategories&post=691"},{"taxonomy":"post_tag","embeddable":true,"href":"https:\/\/descubrimiento.info\/index.php?rest_route=%2Fwp%2Fv2%2Ftags&post=691"}],"curies":[{"name":"wp","href":"https:\/\/api.w.org\/{rel}","templated":true}]}}